{"id":2434,"date":"2023-09-08T16:46:48","date_gmt":"2023-09-08T15:46:48","guid":{"rendered":"http:\/\/www.uteportogruarese.it\/ute\/?p=2434"},"modified":"2023-09-09T17:05:36","modified_gmt":"2023-09-09T16:05:36","slug":"2023-set-apertura-iscrizioni-e-calendario","status":"publish","type":"post","link":"https:\/\/www.uteportogruarese.it\/ute\/2023-set-apertura-iscrizioni-e-calendario.html","title":{"rendered":"2023\/ Set Apertura iscrizioni e calendario"},"content":{"rendered":"\n<p>Le iscrizioni saranno aperte da Marted\u00ec 5 settembre 2023 presso la sede di Piazza Castello 2. La quota sociale sar\u00e0 di \u20ac 50. A chi vorr\u00e0 frequentare uno o pi\u00f9 corsi di lingue (Inglese e Francese il marted\u00ec, Tedesco e Spagnolo il venerd\u00ec) presso l\u2019oratorio Pio X sar\u00e0 richiesto un ulteriore contributo di \u20ac 50.<\/p>\n\n\n\n<p>Ci si potr\u00e0 iscrivere anche gratuitamente al secondo corso annuale di neuroscienze del dottor Edoardo Sala che si terr\u00e0 ogni gioved\u00ec presso l\u2019oratorio Pio X.[show_more more=\u201dLeggi&#8230;\u201d less=\u201dRiduci\u201d]<\/p>\n\n\n\n<p><a href=\"http:\/\/www.uteportogruarese.it\/ute\/calendari\/calendario-2023-24\" data-type=\"link\" data-id=\"http:\/\/www.uteportogruarese.it\/ute\/calendari\/calendario-2023-24\">Visualizza il calendario dell&#8217;anno in corso<\/a><\/p>\n\n\n<div class=\"wp-block-image\">\n<figure class=\"aligncenter size-full\"><img decoding=\"async\" loading=\"lazy\" width=\"393\" height=\"327\" src=\"http:\/\/www.uteportogruarese.it\/ute\/wp-content\/uploads\/2023\/09\/image.png\" alt=\"\" class=\"wp-image-2435\" srcset=\"https:\/\/www.uteportogruarese.it\/ute\/wp-content\/uploads\/2023\/09\/image.png 393w, https:\/\/www.uteportogruarese.it\/ute\/wp-content\/uploads\/2023\/09\/image-350x291.png 350w, https:\/\/www.uteportogruarese.it\/ute\/wp-content\/uploads\/2023\/09\/image-150x125.png 150w\" sizes=\"(max-width: 393px) 100vw, 393px\" \/><\/figure><\/div>\n\n\n<p>[\/show_more]<\/p>\n","protected":false},"excerpt":{"rendered":"<p>Le iscrizioni saranno aperte da Marted\u00ec 5 settembre 2023 presso la sede di Piazza Castello 2. La quota sociale sar\u00e0 di \u20ac 50. A chi vorr\u00e0 frequentare uno o pi\u00f9 corsi di lingue (Inglese e Francese il marted\u00ec, Tedesco e Spagnolo il venerd\u00ec) presso l\u2019oratorio Pio X sar\u00e0 richiesto un&#8230; <a class=\"continue-reading-link\" href=\"https:\/\/www.uteportogruarese.it\/ute\/2023-set-apertura-iscrizioni-e-calendario.html\">Continue reading<\/a><\/p>\n","protected":false},"author":1,"featured_media":0,"comment_status":"closed","ping_status":"closed","sticky":false,"template":"","format":"standard","meta":{"ngg_post_thumbnail":0,"footnotes":""},"categories":[1],"tags":[],"_links":{"self":[{"href":"https:\/\/www.uteportogruarese.it\/ute\/wp-json\/wp\/v2\/posts\/2434"}],"collection":[{"href":"https:\/\/www.uteportogruarese.it\/ute\/wp-json\/wp\/v2\/posts"}],"about":[{"href":"https:\/\/www.uteportogruarese.it\/ute\/wp-json\/wp\/v2\/types\/post"}],"author":[{"embeddable":true,"href":"https:\/\/www.uteportogruarese.it\/ute\/wp-json\/wp\/v2\/users\/1"}],"replies":[{"embeddable":true,"href":"https:\/\/www.uteportogruarese.it\/ute\/wp-json\/wp\/v2\/comments?post=2434"}],"version-history":[{"count":2,"href":"https:\/\/www.uteportogruarese.it\/ute\/wp-json\/wp\/v2\/posts\/2434\/revisions"}],"predecessor-version":[{"id":2456,"href":"https:\/\/www.uteportogruarese.it\/ute\/wp-json\/wp\/v2\/posts\/2434\/revisions\/2456"}],"wp:attachment":[{"href":"https:\/\/www.uteportogruarese.it\/ute\/wp-json\/wp\/v2\/media?parent=2434"}],"wp:term":[{"taxonomy":"category","embeddable":true,"href":"https:\/\/www.uteportogruarese.it\/ute\/wp-json\/wp\/v2\/categories?post=2434"},{"taxonomy":"post_tag","embeddable":true,"href":"https:\/\/www.uteportogruarese.it\/ute\/wp-json\/wp\/v2\/tags?post=2434"}],"curies":[{"name":"wp","href":"https:\/\/api.w.org\/{rel}","templated":true}]}}