{"id":2350,"date":"2023-06-23T13:25:56","date_gmt":"2023-06-23T12:25:56","guid":{"rendered":"http:\/\/www.uteportogruarese.it\/?p=2350"},"modified":"2023-09-09T17:15:28","modified_gmt":"2023-09-09T16:15:28","slug":"2023-emanuela-ortis-ad-archivissima-2023","status":"publish","type":"post","link":"https:\/\/www.uteportogruarese.it\/ute\/2023-emanuela-ortis-ad-archivissima-2023.html","title":{"rendered":"2023\/ Emanuela Ortis ad Archivissima 2023"},"content":{"rendered":"\n<p>Milano, 9 Giugno 2023 &#8211; Emanuela Ortis ha partecipato alla manifestazione Archivissima 2023 presso l&#8217;Associazione Nomus di Milano.<\/p>\n\n\n\n<figure class=\"wp-block-image\"><img decoding=\"async\" src=\"https:\/\/static.wixstatic.com\/media\/83ce45_76ddd65e7983401e9a1fbe93db47866e~mv2.png\/v1\/crop\/x_0,y_169,w_1236,h_459\/fill\/w_600,h_223,al_c,q_85,usm_0.66_1.00_0.01,enc_auto\/Archivissima%202023%20copertina.png\" alt=\"\"\/><\/figure>\n\n\n\n<p><strong>IL LUNGO VIAGGIO DEL FUTURISTA LUIGI RUSSOLO<\/strong>[show_more more=\u201dLeggi\u2026\u201d less=\u201dRiduci\u201d]<\/p>\n\n\n\n<p>Intervengono:<\/p>\n\n\n\n<p><strong>Emanuela Ortis<\/strong><\/p>\n\n\n\n<p>Autrice del libro&nbsp;<em>Luigi Russolo da Portogruaro<\/em>&nbsp;<em>a Milano<\/em><\/p>\n\n\n\n<figure class=\"wp-block-embed is-type-video is-provider-youtube wp-block-embed-youtube wp-embed-aspect-16-9 wp-has-aspect-ratio\"><div class=\"wp-block-embed__wrapper\">\n<iframe loading=\"lazy\" title=\"1\/3 - ARCHIVISSIMA 2023 - IL LUNGO VIAGGIO DEL FUTURISTA LUIGI RUSSOLO - EMANUELA ORTIS\" width=\"920\" height=\"518\" src=\"https:\/\/www.youtube.com\/embed\/CjPTW5LSyls?list=PLB-kGOQFgGpVhQ7q_DR8y2xd4CFD9_-xO\" frameborder=\"0\" allow=\"accelerometer; autoplay; clipboard-write; encrypted-media; gyroscope; picture-in-picture; web-share\" allowfullscreen><\/iframe>\n<\/div><\/figure>\n\n\n\n<p><strong>Giuliano Bellorini<\/strong><\/p>\n\n\n\n<p>Curatore, con  Maria Luisa e Anna Gasparotto, del libro <em>Dialoghi fra l&#8217;Io e l&#8217;Anima &#8211; gli ultimi pensieri di Luigi Russolo<\/em><\/p>\n\n\n\n<figure class=\"wp-block-embed is-type-video is-provider-youtube wp-block-embed-youtube wp-embed-aspect-16-9 wp-has-aspect-ratio\"><div class=\"wp-block-embed__wrapper\">\n<iframe loading=\"lazy\" title=\"2\/3 ARCHIVISSIMA 2023 - IL LUNGO VIAGGIO DEL FUTURISTA LUIGI RUSSOLO - GIULIANOBELLORINI\" width=\"920\" height=\"518\" src=\"https:\/\/www.youtube.com\/embed\/9sPCZtgeNfk?list=PLB-kGOQFgGpVhQ7q_DR8y2xd4CFD9_-xO\" frameborder=\"0\" allow=\"accelerometer; autoplay; clipboard-write; encrypted-media; gyroscope; picture-in-picture; web-share\" allowfullscreen><\/iframe>\n<\/div><\/figure>\n\n\n\n<p><strong>Philippe Blanchard<\/strong><\/p>\n\n\n\n<p>Presidente del &#8220;Concorso Internazionale Prix Russolo&#8221;<\/p>\n\n\n\n<figure class=\"wp-block-embed is-type-video is-provider-youtube wp-block-embed-youtube wp-embed-aspect-16-9 wp-has-aspect-ratio\"><div class=\"wp-block-embed__wrapper\">\n<iframe loading=\"lazy\" title=\"3\/3 - ARCHIVISSIMA 2023 - IL LUNGO VIAGGIO DEL FUTURISTA LUIGI RUSSOLO - PHILIPPE BLANCHARD\" width=\"920\" height=\"518\" src=\"https:\/\/www.youtube.com\/embed\/_-43Zq-F6PM?list=PLB-kGOQFgGpVhQ7q_DR8y2xd4CFD9_-xO\" frameborder=\"0\" allow=\"accelerometer; autoplay; clipboard-write; encrypted-media; gyroscope; picture-in-picture; web-share\" allowfullscreen><\/iframe>\n<\/div><\/figure>\n\n\n<div class=\"wp-block-image\">\n<figure class=\"alignleft\"><img decoding=\"async\" src=\"https:\/\/static.wixstatic.com\/media\/83ce45_872192f0f07041a2b009550ffc80cb26~mv2.jpg\/v1\/fill\/w_288,h_346,al_c,q_80,usm_0.66_1.00_0.01,enc_auto\/cover%20russolo%20portogruaro%20ortis.jpg\" alt=\"\"\/><\/figure><\/div>\n\n\n<p><strong>Luigi Russolo da Portogruaro&nbsp;a Milano<\/strong><\/p>\n\n\n\n<p><strong>I Russolo una famiglia di musicisti<\/strong> di&nbsp;<strong>Emanuela Ortis<\/strong> <\/p>\n\n\n\n<p>[&#8230;] le&nbsp;mie ricerche hanno mirato a due obiettivi: fornire alla critica elementi documentali essenziali per ridefinire taluni aspetti della biografia e della produzione art\u00edstica di Luigi Russolo, anche alla luce di fonti giornalistiche dell&#8217;epoca spesso inedite; ricostruire le vicende della sua famiglia che, prima di stabilirsi a Milano, ha vissuto tra Portogruaro e Latisana, perch\u00e9 venga meglio conosciuta anche in seno alle due comunit\u00e0, L&#8217;incontro con Luigi Russolo non poteva prescindere dalla visita alla Milano che lo ha accolto e ai luoghi che lo hanno visto soldato nella Grande Guerra, Infine l&#8217;ultima sosta nella sua residenza a Cerro di Laveno Mombello, che sar\u00e0&nbsp;&#8220;rivissuta&#8221; da Alessio Alessandrini.<\/p>\n\n\n\n<p>Il risultato \u00e8 una sorta di &#8220;itinerario russoliano&#8221; dei luoghi che hanno accompagnato la sua vita. Per questo motivo il saggio \u00e8 preceduto da una essenziale biografia con lo scopo di fornire sinteticamente al lettore il divenire cronologico della sua esistenza.<\/p>\n\n\n\n<p>Il volume si conclude con il contributo di Alessandro Taverna al quale \u00e8 stato lasciato il compito di esplorare la portata innovativa dell&#8217;esperienza musicale di Luigi Russolo nel corso del ventesimo secolo.<br> <br>Emanuela Ortis <br><\/p>\n\n\n\n<p class=\"has-text-align-center\">\u200b__*__<\/p>\n\n\n<div class=\"wp-block-image\">\n<figure class=\"alignleft\"><img decoding=\"async\" src=\"https:\/\/static.wixstatic.com\/media\/83ce45_b95a1318d2ca4c2688df29e3b7de8f7f~mv2.jpg\/v1\/fill\/w_254,h_356,al_c,q_80,usm_0.66_1.00_0.01,enc_auto\/dialoghi%20cover_001%20copia.jpg\" alt=\"\"\/><\/figure><\/div>\n\n\n<p><strong>Dialoghi fra l&#8217;Io e l&#8217;Anima<\/strong><br><strong>Gli ultimi pensieri di Luigi Russolo<\/strong><\/p>\n\n\n\n<p><strong>Con l&#8217;edizione critica dell&#8217;autografo<\/strong><\/p>\n\n\n\n<p>di&nbsp;<strong>Giuliano Bellorini<\/strong>,&nbsp;<strong>Anna Gasparotto<\/strong>,&nbsp;<strong>Maria&nbsp;Luisa Gasparotto<\/strong><\/p>\n\n\n\n<p>La vita di Russolo si chiude improvvisamente mentre sta lavorando ad una nuova opera, i&nbsp;<em>Dialoghi fra l&#8217;Io e l&#8217;Anima<\/em>, fino ad oggi inedita, che rimarr\u00e0 incompiuta e aperta a molteplici linee di sviluppo, ad uno stadio di provvisoriet\u00e0 e di instabilit\u00e0 testuale tali da rendere complessa e problematica l&#8217;interpretazione. In questo magma si ravvisano scorci suggestivi e visionari, tracce di un&#8217; evoluzione del pensiero che si sta formando, che se in parte giunge a compimento insieme annuncia nuove prospettive, in un intreccio di linee di sviluppo che partendo dalla condizione dell&#8217;uomo soggetto alla passione giunge a comprendere riflessioni sulla societ\u00e0, sull&#8217;arte, sulla salute del corpo e dello spirito, ponendo a fondamento la dottrina della filosofia orientale e di derivazione ermetica. Gli autori delineano le prospettive dell&#8217;indagine con un corredo di saggi che illustrano le caratteristiche linguistiche e stilistiche di Russolo scrittore, l&#8217;avventura che conduce ad un tentativo fallito di pubblicazione di questi scritti promosso dalla moglie Maria Zanovello, le matrici filosofiche, le ricorrenze tematiche, poste in relazione con tutto ci\u00f2 che Russolo scrisse in precedenza, dall&#8217;Arte dei Rumori a Al di l\u00e0 della materia, dal ricco epistolario inedito alle critiche musicali del 1926, dai Diari agli scritti sull&#8217;arte. Un itinerario ricco e dinamico, che rivela tratti inediti della personalit\u00e0 dell&#8217;Autore che si integrano e completano quelli che emergono dalla sua attivit\u00e0 di pittore e di musicista. Con l&#8217;edizione critica dell&#8217;autografo.  <br>L&#8217;autografo fa parte del&nbsp;<a href=\"https:\/\/www.nomusassociazione.org\/fondo-russolo-pratella\"><strong>Fondo Russolo Pratella<\/strong><\/a>&nbsp;custodito a NoMus ed \u00e8 il documento da cui \u00e8 partito il progetto del testo. <\/p>\n\n\n<div class=\"wp-block-image\">\n<figure class=\"alignleft\"><img decoding=\"async\" src=\"https:\/\/static.wixstatic.com\/media\/83ce45_a0aba6ab5c294ebcb36809ee9517bce2~mv2.jpg\/v1\/fill\/w_272,h_384,al_c,q_80,usm_0.66_1.00_0.01,enc_auto\/83ce45_a0aba6ab5c294ebcb36809ee9517bce2~mv2.jpg\" alt=\"\"\/><\/figure><\/div>\n\n\n<p><strong>CALL PRIX RUSSOLO<\/strong><\/p>\n\n\n\n<p><strong>2023 CONTEST<\/strong><\/p>\n\n\n\n<p><strong>Philippe Blanchard&nbsp;<\/strong>presidente del concorso<\/p>\n\n\n\n<p><\/p>\n\n\n\n<p>[\/show_more]<\/p>\n","protected":false},"excerpt":{"rendered":"<p>Milano, 9 Giugno 2023 &#8211; Emanuela Ortis ha partecipato alla manifestazione Archivissima 2023 presso l&#8217;Associazione Nomus di Milano. IL LUNGO VIAGGIO DEL FUTURISTA LUIGI RUSSOLO[show_more more=\u201dLeggi\u2026\u201d less=\u201dRiduci\u201d] Intervengono: Emanuela Ortis Autrice del libro&nbsp;Luigi Russolo da Portogruaro&nbsp;a Milano Giuliano Bellorini Curatore, con Maria Luisa e Anna Gasparotto, del libro Dialoghi fra&#8230; <a class=\"continue-reading-link\" href=\"https:\/\/www.uteportogruarese.it\/ute\/2023-emanuela-ortis-ad-archivissima-2023.html\">Continue reading<\/a><\/p>\n","protected":false},"author":1,"featured_media":0,"comment_status":"closed","ping_status":"closed","sticky":false,"template":"","format":"standard","meta":{"ngg_post_thumbnail":0,"footnotes":""},"categories":[1],"tags":[],"_links":{"self":[{"href":"https:\/\/www.uteportogruarese.it\/ute\/wp-json\/wp\/v2\/posts\/2350"}],"collection":[{"href":"https:\/\/www.uteportogruarese.it\/ute\/wp-json\/wp\/v2\/posts"}],"about":[{"href":"https:\/\/www.uteportogruarese.it\/ute\/wp-json\/wp\/v2\/types\/post"}],"author":[{"embeddable":true,"href":"https:\/\/www.uteportogruarese.it\/ute\/wp-json\/wp\/v2\/users\/1"}],"replies":[{"embeddable":true,"href":"https:\/\/www.uteportogruarese.it\/ute\/wp-json\/wp\/v2\/comments?post=2350"}],"version-history":[{"count":2,"href":"https:\/\/www.uteportogruarese.it\/ute\/wp-json\/wp\/v2\/posts\/2350\/revisions"}],"predecessor-version":[{"id":2457,"href":"https:\/\/www.uteportogruarese.it\/ute\/wp-json\/wp\/v2\/posts\/2350\/revisions\/2457"}],"wp:attachment":[{"href":"https:\/\/www.uteportogruarese.it\/ute\/wp-json\/wp\/v2\/media?parent=2350"}],"wp:term":[{"taxonomy":"category","embeddable":true,"href":"https:\/\/www.uteportogruarese.it\/ute\/wp-json\/wp\/v2\/categories?post=2350"},{"taxonomy":"post_tag","embeddable":true,"href":"https:\/\/www.uteportogruarese.it\/ute\/wp-json\/wp\/v2\/tags?post=2350"}],"curies":[{"name":"wp","href":"https:\/\/api.w.org\/{rel}","templated":true}]}}