{"id":2325,"date":"2023-02-13T08:49:32","date_gmt":"2023-02-13T07:49:32","guid":{"rendered":"http:\/\/www.uteportogruarese.it\/?p=2325"},"modified":"2023-02-13T08:49:32","modified_gmt":"2023-02-13T07:49:32","slug":"2023-feb-giorno-del-ricordo","status":"publish","type":"post","link":"https:\/\/www.uteportogruarese.it\/ute\/2023-feb-giorno-del-ricordo.html","title":{"rendered":"2023 Feb\/ Giorno del Ricordo"},"content":{"rendered":"\n<figure class=\"wp-block-embed-youtube wp-block-embed is-type-video is-provider-youtube wp-embed-aspect-16-9 wp-has-aspect-ratio\"><div class=\"wp-block-embed__wrapper\">\n<iframe loading=\"lazy\" title=\"Giorno del ricordo 2023 - Incontro con Giorgio Gorlato\" width=\"920\" height=\"518\" src=\"https:\/\/www.youtube.com\/embed\/KtkX-p1_Cvg?feature=oembed\" frameborder=\"0\" allow=\"accelerometer; autoplay; clipboard-write; encrypted-media; gyroscope; picture-in-picture; web-share\" allowfullscreen><\/iframe>\n<\/div><figcaption> <br>L&#8217;intervista a Giorgio Gorlato, esule\u00a0 di Dignano d&#8217;Istria, venerd\u00ec 10 febbraio alle ore 11.00, proposta alle scuole superiori di Portogruaro e di San Don\u00e0 di Piave. Come si ricorder\u00e0 il signor Gorlato era stato nostro ospite l&#8217;anno scorso per la giornata del Ricordo, e ci aveva raccontato le vicissitudini della sua famiglia e la morte violenta del padre, finito probabilmente in una foiba e mai pi\u00f9 ritrovato. <\/figcaption><\/figure>\n","protected":false},"excerpt":{"rendered":"<p> <a class=\"continue-reading-link\" href=\"https:\/\/www.uteportogruarese.it\/ute\/2023-feb-giorno-del-ricordo.html\">Continue reading<\/a><\/p>\n","protected":false},"author":1,"featured_media":0,"comment_status":"closed","ping_status":"closed","sticky":false,"template":"","format":"standard","meta":{"ngg_post_thumbnail":0,"footnotes":""},"categories":[1],"tags":[],"_links":{"self":[{"href":"https:\/\/www.uteportogruarese.it\/ute\/wp-json\/wp\/v2\/posts\/2325"}],"collection":[{"href":"https:\/\/www.uteportogruarese.it\/ute\/wp-json\/wp\/v2\/posts"}],"about":[{"href":"https:\/\/www.uteportogruarese.it\/ute\/wp-json\/wp\/v2\/types\/post"}],"author":[{"embeddable":true,"href":"https:\/\/www.uteportogruarese.it\/ute\/wp-json\/wp\/v2\/users\/1"}],"replies":[{"embeddable":true,"href":"https:\/\/www.uteportogruarese.it\/ute\/wp-json\/wp\/v2\/comments?post=2325"}],"version-history":[{"count":1,"href":"https:\/\/www.uteportogruarese.it\/ute\/wp-json\/wp\/v2\/posts\/2325\/revisions"}],"predecessor-version":[{"id":2326,"href":"https:\/\/www.uteportogruarese.it\/ute\/wp-json\/wp\/v2\/posts\/2325\/revisions\/2326"}],"wp:attachment":[{"href":"https:\/\/www.uteportogruarese.it\/ute\/wp-json\/wp\/v2\/media?parent=2325"}],"wp:term":[{"taxonomy":"category","embeddable":true,"href":"https:\/\/www.uteportogruarese.it\/ute\/wp-json\/wp\/v2\/categories?post=2325"},{"taxonomy":"post_tag","embeddable":true,"href":"https:\/\/www.uteportogruarese.it\/ute\/wp-json\/wp\/v2\/tags?post=2325"}],"curies":[{"name":"wp","href":"https:\/\/api.w.org\/{rel}","templated":true}]}}