{"id":2180,"date":"2022-02-09T13:43:37","date_gmt":"2022-02-09T12:43:37","guid":{"rendered":"http:\/\/www.uteportogruarese.it\/?p=2180"},"modified":"2022-03-18T22:51:30","modified_gmt":"2022-03-18T21:51:30","slug":"2022-gen-prossimi-incontri","status":"publish","type":"post","link":"https:\/\/www.uteportogruarese.it\/ute\/2022-gen-prossimi-incontri.html","title":{"rendered":"2022\/ Marzo Prossimi incontri"},"content":{"rendered":"\n<table class=\"wp-block-table\"><tbody><tr><td><strong>Lun 21<\/strong> \u00a0<\/td><td>Edoardo Sala<\/td><td>La neuroscienze 2<\/td><\/tr><tr><td><strong>Mer 23 \u00a0<\/strong><\/td><td>Paolo Garofalo<\/td><td>\u201cNico Naldini e <br>l\u2019Academiuta de lenga furlana\u201d\u00a0<\/td><\/tr><tr><td><strong>Lun 28<\/strong> \u00a0<\/td><td>Lucio Martina<\/td><td>Le dermatite da contatto e lo stress<\/td><\/tr><tr><td><strong>Mer 30<\/strong><\/td><td> Rudy Milanese  <br>                         <\/td><td>La via o le vie a nostra disposizione <br>per conoscere Dio, Verit\u00e0 suprema<\/td><\/tr><\/tbody><\/table>\n\n\n\n<p>LE DERMATITI DA CONTATTO<br>Del dott. Lucio Martina<br>La conferenza del 28 Marzo 2022 verter\u00e0 sui seguenti temi.<br>Il materiale \u00e8 gi\u00e0 a disposizione per chi ne fosse interessato.<br><a rel=\"noreferrer noopener\" href=\"http:\/\/www.uteportogruarese.it\/ute\/wp-content\/uploads\/2022\/03\/Dermatiti.pdf\" target=\"_blank\">Dermatiti di contatto in ambito professionale<\/a><br><a rel=\"noreferrer noopener\" href=\"http:\/\/www.uteportogruarese.it\/ute\/wp-content\/uploads\/2022\/03\/Lo-stress.Conferenza-Ute-Portogruarese-2022.pdf\" target=\"_blank\">Lo stress fisico lavorativo e psicosociale e La Prevenzione.<\/a><br><a rel=\"noreferrer noopener\" href=\"http:\/\/www.uteportogruarese.it\/ute\/wp-content\/uploads\/2022\/03\/La-teoria-dello-stress-di-Sigmund-Freud.pdf\" target=\"_blank\">La teoria dello stress di Sigmund Freud. Progetto di una psicologia.<\/a><\/p>\n","protected":false},"excerpt":{"rendered":"<p>Lun 21 \u00a0 Edoardo Sala La neuroscienze 2 Mer 23 \u00a0 Paolo Garofalo \u201cNico Naldini e l\u2019Academiuta de lenga furlana\u201d\u00a0 Lun 28 \u00a0 Lucio Martina Le dermatite da contatto e lo stress Mer 30 Rudy Milanese La via o le vie a nostra disposizione per conoscere Dio, Verit\u00e0 suprema LE&#8230; <a class=\"continue-reading-link\" href=\"https:\/\/www.uteportogruarese.it\/ute\/2022-gen-prossimi-incontri.html\">Continue reading<\/a><\/p>\n","protected":false},"author":1,"featured_media":0,"comment_status":"closed","ping_status":"closed","sticky":false,"template":"","format":"standard","meta":{"ngg_post_thumbnail":0,"footnotes":""},"categories":[1],"tags":[],"_links":{"self":[{"href":"https:\/\/www.uteportogruarese.it\/ute\/wp-json\/wp\/v2\/posts\/2180"}],"collection":[{"href":"https:\/\/www.uteportogruarese.it\/ute\/wp-json\/wp\/v2\/posts"}],"about":[{"href":"https:\/\/www.uteportogruarese.it\/ute\/wp-json\/wp\/v2\/types\/post"}],"author":[{"embeddable":true,"href":"https:\/\/www.uteportogruarese.it\/ute\/wp-json\/wp\/v2\/users\/1"}],"replies":[{"embeddable":true,"href":"https:\/\/www.uteportogruarese.it\/ute\/wp-json\/wp\/v2\/comments?post=2180"}],"version-history":[{"count":3,"href":"https:\/\/www.uteportogruarese.it\/ute\/wp-json\/wp\/v2\/posts\/2180\/revisions"}],"predecessor-version":[{"id":2236,"href":"https:\/\/www.uteportogruarese.it\/ute\/wp-json\/wp\/v2\/posts\/2180\/revisions\/2236"}],"wp:attachment":[{"href":"https:\/\/www.uteportogruarese.it\/ute\/wp-json\/wp\/v2\/media?parent=2180"}],"wp:term":[{"taxonomy":"category","embeddable":true,"href":"https:\/\/www.uteportogruarese.it\/ute\/wp-json\/wp\/v2\/categories?post=2180"},{"taxonomy":"post_tag","embeddable":true,"href":"https:\/\/www.uteportogruarese.it\/ute\/wp-json\/wp\/v2\/tags?post=2180"}],"curies":[{"name":"wp","href":"https:\/\/api.w.org\/{rel}","templated":true}]}}