{"id":2081,"date":"2021-10-25T09:00:10","date_gmt":"2021-10-25T08:00:10","guid":{"rendered":"http:\/\/www.uteportogruarese.it\/?p=2081"},"modified":"2021-12-05T12:16:52","modified_gmt":"2021-12-05T11:16:52","slug":"2021-ott-25-modifica-calendario","status":"publish","type":"post","link":"https:\/\/www.uteportogruarese.it\/ute\/2021-ott-25-modifica-calendario.html","title":{"rendered":"2021\/ Ott 25 &#8211; Modifica calendario"},"content":{"rendered":"\n<p class=\"has-medium-font-size\"> Cari amici, per cause indipendenti dalla nostra volont\u00e0 dobbiamo apportare qualche modifica al calendario delle lezioni della prossima settimana.\u00a0<br><strong>Luned\u00ec 25 ottobre<\/strong>\u00a0 il professor\u00a0<strong>Romano Toppan<\/strong>\u00a0anticiper\u00e0\u00a0la sua lezione su &#8220;A 500 anni dalla morte di Leonardo da Vinci e a 100 anni dalla nascita della Bauhaus.<br><strong>Mercoled\u00ec 27<\/strong> ottobre il professor\u00a0<strong>Rudy Milanese<\/strong>\u00a0anticiper\u00e0\u00a0la sua lezione su &#8220;Ormai solo un Dio ci pu\u00f2 salvare&#8221;<br>La lezione della dottoressa\u00a0<strong>Vittoria Pizzolitto<\/strong>\u00a0su &#8220;Portogruaresi illustri: Fausto Bon\u00f2 (1832-1890)&#8221; , prevista per <strong>luned\u00ec 25 ottobr<\/strong>e, \u00e8 stata spostata a <strong>mercoled\u00ec 24 novembre<\/strong>.<br><strong>Inoltre avendo nel frattempo provveduto ad iscrivere regolarmente anche le persone che erano in lista di attesa non \u00e8 pi\u00f9 necessario che si avverta quando non si pu\u00f2 venire a lezione. Ringrazio di cuore coloro che lo hanno diligentemente fatto fino ad ora.<\/strong><br>Il presidenteAlessio Alessandrini <\/p>\n","protected":false},"excerpt":{"rendered":"<p>Cari amici, per cause indipendenti dalla nostra volont\u00e0 dobbiamo apportare qualche modifica al calendario delle lezioni della prossima settimana.\u00a0Luned\u00ec 25 ottobre\u00a0 il professor\u00a0Romano Toppan\u00a0anticiper\u00e0\u00a0la sua lezione su &#8220;A 500 anni dalla morte di Leonardo da Vinci e a 100 anni dalla nascita della Bauhaus.Mercoled\u00ec 27 ottobre il professor\u00a0Rudy Milanese\u00a0anticiper\u00e0\u00a0la sua&#8230; <a class=\"continue-reading-link\" href=\"https:\/\/www.uteportogruarese.it\/ute\/2021-ott-25-modifica-calendario.html\">Continue reading<\/a><\/p>\n","protected":false},"author":1,"featured_media":0,"comment_status":"closed","ping_status":"closed","sticky":false,"template":"","format":"standard","meta":{"ngg_post_thumbnail":0,"footnotes":""},"categories":[1],"tags":[],"_links":{"self":[{"href":"https:\/\/www.uteportogruarese.it\/ute\/wp-json\/wp\/v2\/posts\/2081"}],"collection":[{"href":"https:\/\/www.uteportogruarese.it\/ute\/wp-json\/wp\/v2\/posts"}],"about":[{"href":"https:\/\/www.uteportogruarese.it\/ute\/wp-json\/wp\/v2\/types\/post"}],"author":[{"embeddable":true,"href":"https:\/\/www.uteportogruarese.it\/ute\/wp-json\/wp\/v2\/users\/1"}],"replies":[{"embeddable":true,"href":"https:\/\/www.uteportogruarese.it\/ute\/wp-json\/wp\/v2\/comments?post=2081"}],"version-history":[{"count":3,"href":"https:\/\/www.uteportogruarese.it\/ute\/wp-json\/wp\/v2\/posts\/2081\/revisions"}],"predecessor-version":[{"id":2155,"href":"https:\/\/www.uteportogruarese.it\/ute\/wp-json\/wp\/v2\/posts\/2081\/revisions\/2155"}],"wp:attachment":[{"href":"https:\/\/www.uteportogruarese.it\/ute\/wp-json\/wp\/v2\/media?parent=2081"}],"wp:term":[{"taxonomy":"category","embeddable":true,"href":"https:\/\/www.uteportogruarese.it\/ute\/wp-json\/wp\/v2\/categories?post=2081"},{"taxonomy":"post_tag","embeddable":true,"href":"https:\/\/www.uteportogruarese.it\/ute\/wp-json\/wp\/v2\/tags?post=2081"}],"curies":[{"name":"wp","href":"https:\/\/api.w.org\/{rel}","templated":true}]}}