{"id":2066,"date":"2021-10-11T17:01:41","date_gmt":"2021-10-11T16:01:41","guid":{"rendered":"http:\/\/www.uteportogruarese.it\/?p=2066"},"modified":"2021-10-11T17:11:39","modified_gmt":"2021-10-11T16:11:39","slug":"2021-ott-5-inizio-anno-accademico-2021-2022","status":"publish","type":"post","link":"https:\/\/www.uteportogruarese.it\/ute\/2021-ott-5-inizio-anno-accademico-2021-2022.html","title":{"rendered":"2021\/ Ott 5 &#8211; Inizio anno accademico 2021\/2022"},"content":{"rendered":"\n<p class=\"has-medium-font-size\"> Bella e confortante partecipazione oggi in Duomo a Portogruaro per il riavvio delle attivit\u00e0  dell&#8217;U.T.E., dopo un anno di pressoch\u00e9 totale inattivit\u00e0, causa Covid. Si \u00e8 ricominciato con un convegno sugli scritti del cardinale Carlo Maria Martini con la partecipazione del rabbino capo di Padova Rodolfo Locci e del padre gesuita Iuri Sandrin, del Centro San Fedele di Milano, coordinati dal vicario generale della diocesi di Concordia Pordenone monsignor Orioldo Marson. Ha aperto i lavori il parroco monsignor Giuseppe Grillo e li ha conclusi con un suo saluto il sindaco di Portogruaro architetto Florio Favero. <\/p>\n\n\n\n<p><\/p>\n\n\n\n<ul class=\"wp-block-gallery columns-3 is-cropped wp-block-gallery-1 is-layout-flex wp-block-gallery-is-layout-flex\"><li class=\"blocks-gallery-item\"><figure><img decoding=\"async\" loading=\"lazy\" width=\"600\" height=\"292\" src=\"http:\/\/www.uteportogruarese.it\/ute\/wp-content\/uploads\/2021\/10\/211004_apertura_aa2021.2022_1.jpg\" alt=\"\" data-id=\"2068\" data-link=\"http:\/\/www.uteportogruarese.it\/2021-ott-5-inizio-anno-accademico-2021-2022.html\/211004_apertura_aa2021-2022_1\" class=\"wp-image-2068\" srcset=\"https:\/\/www.uteportogruarese.it\/ute\/wp-content\/uploads\/2021\/10\/211004_apertura_aa2021.2022_1.jpg 600w, https:\/\/www.uteportogruarese.it\/ute\/wp-content\/uploads\/2021\/10\/211004_apertura_aa2021.2022_1-300x146.jpg 300w\" sizes=\"(max-width: 600px) 100vw, 600px\" \/><\/figure><\/li><li class=\"blocks-gallery-item\"><figure><img decoding=\"async\" loading=\"lazy\" width=\"581\" height=\"600\" src=\"http:\/\/www.uteportogruarese.it\/ute\/wp-content\/uploads\/2021\/10\/211004_apertura_aa2021.2022_2.jpg\" alt=\"\" data-id=\"2069\" data-link=\"http:\/\/www.uteportogruarese.it\/2021-ott-5-inizio-anno-accademico-2021-2022.html\/211004_apertura_aa2021-2022_2\" class=\"wp-image-2069\" srcset=\"https:\/\/www.uteportogruarese.it\/ute\/wp-content\/uploads\/2021\/10\/211004_apertura_aa2021.2022_2.jpg 581w, https:\/\/www.uteportogruarese.it\/ute\/wp-content\/uploads\/2021\/10\/211004_apertura_aa2021.2022_2-291x300.jpg 291w\" sizes=\"(max-width: 581px) 100vw, 581px\" \/><\/figure><\/li><li class=\"blocks-gallery-item\"><figure><img decoding=\"async\" loading=\"lazy\" width=\"600\" height=\"572\" src=\"http:\/\/www.uteportogruarese.it\/ute\/wp-content\/uploads\/2021\/10\/211004_apertura_aa2021.2022_3.jpg\" alt=\"\" data-id=\"2070\" data-link=\"http:\/\/www.uteportogruarese.it\/2021-ott-5-inizio-anno-accademico-2021-2022.html\/211004_apertura_aa2021-2022_3\" class=\"wp-image-2070\" srcset=\"https:\/\/www.uteportogruarese.it\/ute\/wp-content\/uploads\/2021\/10\/211004_apertura_aa2021.2022_3.jpg 600w, https:\/\/www.uteportogruarese.it\/ute\/wp-content\/uploads\/2021\/10\/211004_apertura_aa2021.2022_3-300x286.jpg 300w\" sizes=\"(max-width: 600px) 100vw, 600px\" \/><\/figure><\/li><li class=\"blocks-gallery-item\"><figure><img decoding=\"async\" loading=\"lazy\" width=\"810\" height=\"540\" src=\"http:\/\/www.uteportogruarese.it\/ute\/wp-content\/uploads\/2021\/10\/211004_apertura_aa2021.2022_4.jpg\" alt=\"\" data-id=\"2071\" data-link=\"http:\/\/www.uteportogruarese.it\/2021-ott-5-inizio-anno-accademico-2021-2022.html\/211004_apertura_aa2021-2022_4\" class=\"wp-image-2071\" srcset=\"https:\/\/www.uteportogruarese.it\/ute\/wp-content\/uploads\/2021\/10\/211004_apertura_aa2021.2022_4.jpg 810w, https:\/\/www.uteportogruarese.it\/ute\/wp-content\/uploads\/2021\/10\/211004_apertura_aa2021.2022_4-300x200.jpg 300w, https:\/\/www.uteportogruarese.it\/ute\/wp-content\/uploads\/2021\/10\/211004_apertura_aa2021.2022_4-768x512.jpg 768w\" sizes=\"(max-width: 810px) 100vw, 810px\" \/><\/figure><\/li><\/ul>\n","protected":false},"excerpt":{"rendered":"<p>Bella e confortante partecipazione oggi in Duomo a Portogruaro per il riavvio delle attivit\u00e0 dell&#8217;U.T.E., dopo un anno di pressoch\u00e9 totale inattivit\u00e0, causa Covid. Si \u00e8 ricominciato con un convegno sugli scritti del cardinale Carlo Maria Martini con la partecipazione del rabbino capo di Padova Rodolfo Locci e del padre&#8230; <a class=\"continue-reading-link\" href=\"https:\/\/www.uteportogruarese.it\/ute\/2021-ott-5-inizio-anno-accademico-2021-2022.html\">Continue reading<\/a><\/p>\n","protected":false},"author":1,"featured_media":0,"comment_status":"closed","ping_status":"closed","sticky":false,"template":"","format":"standard","meta":{"ngg_post_thumbnail":0,"footnotes":""},"categories":[1],"tags":[],"_links":{"self":[{"href":"https:\/\/www.uteportogruarese.it\/ute\/wp-json\/wp\/v2\/posts\/2066"}],"collection":[{"href":"https:\/\/www.uteportogruarese.it\/ute\/wp-json\/wp\/v2\/posts"}],"about":[{"href":"https:\/\/www.uteportogruarese.it\/ute\/wp-json\/wp\/v2\/types\/post"}],"author":[{"embeddable":true,"href":"https:\/\/www.uteportogruarese.it\/ute\/wp-json\/wp\/v2\/users\/1"}],"replies":[{"embeddable":true,"href":"https:\/\/www.uteportogruarese.it\/ute\/wp-json\/wp\/v2\/comments?post=2066"}],"version-history":[{"count":3,"href":"https:\/\/www.uteportogruarese.it\/ute\/wp-json\/wp\/v2\/posts\/2066\/revisions"}],"predecessor-version":[{"id":2076,"href":"https:\/\/www.uteportogruarese.it\/ute\/wp-json\/wp\/v2\/posts\/2066\/revisions\/2076"}],"wp:attachment":[{"href":"https:\/\/www.uteportogruarese.it\/ute\/wp-json\/wp\/v2\/media?parent=2066"}],"wp:term":[{"taxonomy":"category","embeddable":true,"href":"https:\/\/www.uteportogruarese.it\/ute\/wp-json\/wp\/v2\/categories?post=2066"},{"taxonomy":"post_tag","embeddable":true,"href":"https:\/\/www.uteportogruarese.it\/ute\/wp-json\/wp\/v2\/tags?post=2066"}],"curies":[{"name":"wp","href":"https:\/\/api.w.org\/{rel}","templated":true}]}}